{"id":186,"date":"2022-02-12T10:07:47","date_gmt":"2022-02-12T09:07:47","guid":{"rendered":"http:\/\/oru.fosses-la-ville.be\/?p=186"},"modified":"2022-02-13T07:29:21","modified_gmt":"2022-02-13T06:29:21","slug":"une-halle-en-1267","status":"publish","type":"post","link":"http:\/\/oru.fosses-la-ville.be\/index.php\/2022\/02\/12\/une-halle-en-1267\/","title":{"rendered":"Une halle en 1267"},"content":{"rendered":"\n<figure class=\"wp-block-image size-full\"><img loading=\"lazy\" decoding=\"async\" width=\"640\" height=\"454\" src=\"http:\/\/oru.fosses-la-ville.be\/wp-content\/uploads\/2022\/02\/Henri_Barnoin_Le_marche\u0301_du_Faoue\u0308t_-640x454-1.jpg\" alt=\"\" class=\"wp-image-259\" srcset=\"http:\/\/oru.fosses-la-ville.be\/wp-content\/uploads\/2022\/02\/Henri_Barnoin_Le_marche\u0301_du_Faoue\u0308t_-640x454-1.jpg 640w, http:\/\/oru.fosses-la-ville.be\/wp-content\/uploads\/2022\/02\/Henri_Barnoin_Le_marche\u0301_du_Faoue\u0308t_-640x454-1-300x213.jpg 300w\" sizes=\"(max-width: 640px) 100vw, 640px\" \/><\/figure>\n\n\n\n<p>En 974, le Prince-Ev\u00eaque Notger obtient le droit d\u2019\u00e9tablir \u00e0 Fosses un march\u00e9 franc, l\u00e0 o\u00f9 on ne paie pas de droit pour vendre. Le but est de stimuler le commerce, profitable notamment aux bourgeois. D\u00e8s l\u2019\u00e9l\u00e9vation des reliques de St-Feuillen, par l\u2019\u00e9v\u00eaque Henri de Verdun, en 1086, le nombre de p\u00e8lerins cro\u00eet. C\u2019est tout profit pour le commerce. Si la concurrence s\u00e9vit avec d\u2019autres villes, elles aussi sanctuaires de saints, la ville se d\u00e9veloppe. Elle conna\u00eet ainsi une p\u00e9riode faste aux 12<sup>e<\/sup> et 13<sup>e<\/sup> si\u00e8cles. Elle doit adapter son infrastructure commerciale.<\/p>\n\n\n\n<p>Et, en 1267, la ville conclut un accord avec l\u2019\u00e9v\u00eaque Henri de Gueldre, pour construite une halle dans l\u2019enceinte communale de Fosses.<\/p>\n\n\n\n<p><strong><u>C&#8217;est quoi une halle ?<\/u><\/strong><\/p>\n\n\n\n<p>Une halle est un lieu public couvert, o\u00f9 se tient un march\u00e9. En l\u2019absence d\u2019un b\u00e2timent d\u00e9di\u00e9 \u2013 et ce fut le cas \u00e0 Fosses \u2013 la halle tient lieu de maison commune servant aux r\u00e9unions municipales. Cette halle devient donc l\u2019h\u00f4tel de ville de l\u2019\u00e9poque.<\/p>\n\n\n\n<p>Mieux, c\u2019est un site multifonctionnel. Le greffier J.-B. Billy, en 1727, nous dit que la halle abrite les archives, les bals, les repr\u00e9sentations de marionnettes ou de th\u00e9\u00e2tre (en 1745, le mayeur Melchior Bailly met en sc\u00e8ne une pi\u00e8ce de Moli\u00e8re \u00e0 l\u2019occasion du carnaval), \u2026 au point que les \u00e9chevins y trouvent difficilement place, et que les archives s\u2019y d\u00e9gradent.<\/p>\n","protected":false},"excerpt":{"rendered":"<p>En 974, le Prince-Ev\u00eaque Notger obtient le droit d\u2019\u00e9tablir \u00e0 Fosses un march\u00e9 franc, l\u00e0 o\u00f9 on ne paie pas de droit pour vendre. Le but est de stimuler le commerce, profitable notamment aux bourgeois. D\u00e8s l\u2019\u00e9l\u00e9vation des reliques de St-Feuillen, par l\u2019\u00e9v\u00eaque Henri de Verdun, en 1086, le nombre de p\u00e8lerins cro\u00eet. C\u2019est tout [&hellip;]<\/p>\n","protected":false},"author":1,"featured_media":0,"comment_status":"open","ping_status":"open","sticky":false,"template":"","format":"standard","meta":{"footnotes":""},"categories":[20],"tags":[],"_links":{"self":[{"href":"http:\/\/oru.fosses-la-ville.be\/index.php\/wp-json\/wp\/v2\/posts\/186"}],"collection":[{"href":"http:\/\/oru.fosses-la-ville.be\/index.php\/wp-json\/wp\/v2\/posts"}],"about":[{"href":"http:\/\/oru.fosses-la-ville.be\/index.php\/wp-json\/wp\/v2\/types\/post"}],"author":[{"embeddable":true,"href":"http:\/\/oru.fosses-la-ville.be\/index.php\/wp-json\/wp\/v2\/users\/1"}],"replies":[{"embeddable":true,"href":"http:\/\/oru.fosses-la-ville.be\/index.php\/wp-json\/wp\/v2\/comments?post=186"}],"version-history":[{"count":2,"href":"http:\/\/oru.fosses-la-ville.be\/index.php\/wp-json\/wp\/v2\/posts\/186\/revisions"}],"predecessor-version":[{"id":260,"href":"http:\/\/oru.fosses-la-ville.be\/index.php\/wp-json\/wp\/v2\/posts\/186\/revisions\/260"}],"wp:attachment":[{"href":"http:\/\/oru.fosses-la-ville.be\/index.php\/wp-json\/wp\/v2\/media?parent=186"}],"wp:term":[{"taxonomy":"category","embeddable":true,"href":"http:\/\/oru.fosses-la-ville.be\/index.php\/wp-json\/wp\/v2\/categories?post=186"},{"taxonomy":"post_tag","embeddable":true,"href":"http:\/\/oru.fosses-la-ville.be\/index.php\/wp-json\/wp\/v2\/tags?post=186"}],"curies":[{"name":"wp","href":"https:\/\/api.w.org\/{rel}","templated":true}]}}