{"id":199,"date":"2022-02-12T10:24:46","date_gmt":"2022-02-12T09:24:46","guid":{"rendered":"http:\/\/oru.fosses-la-ville.be\/?p=199"},"modified":"2022-02-12T10:24:46","modified_gmt":"2022-02-12T09:24:46","slug":"les-societes-de-musique","status":"publish","type":"post","link":"http:\/\/oru.fosses-la-ville.be\/index.php\/2022\/02\/12\/les-societes-de-musique\/","title":{"rendered":"Les soci\u00e9t\u00e9s de musique"},"content":{"rendered":"\n<figure class=\"wp-block-image size-large\"><img loading=\"lazy\" decoding=\"async\" width=\"1024\" height=\"565\" src=\"http:\/\/oru.fosses-la-ville.be\/wp-content\/uploads\/2022\/02\/musiciens-1024x565.jpg\" alt=\"\" class=\"wp-image-200\" srcset=\"http:\/\/oru.fosses-la-ville.be\/wp-content\/uploads\/2022\/02\/musiciens-1024x565.jpg 1024w, http:\/\/oru.fosses-la-ville.be\/wp-content\/uploads\/2022\/02\/musiciens-300x165.jpg 300w, http:\/\/oru.fosses-la-ville.be\/wp-content\/uploads\/2022\/02\/musiciens-768x424.jpg 768w, http:\/\/oru.fosses-la-ville.be\/wp-content\/uploads\/2022\/02\/musiciens.jpg 1300w\" sizes=\"(max-width: 1024px) 100vw, 1024px\" \/><\/figure>\n\n\n\n<p><strong><u>Fosses rayonne par ses musiques\u00a0!<\/u><\/strong><\/p>\n\n\n\n<p>Les soci\u00e9t\u00e9s de musique donnent des concerts un peu partout&nbsp;: dans leur local, surtout pour leurs membres \u2013 pour leur banquet annuel ou pour f\u00eater Sainte-C\u00e9cile \u2013 mais aussi sur les diff\u00e9rentes places de la ville, Briqueterie, Quatre-Bras, L\u00e8ge et occasionnellement place du March\u00e9. Elles participent \u00e0 divers cort\u00e8ges, comme celui de la Laetare en 1866. Elles animent les kermesses des quartiers et hameaux (Bambois, Saint-Roch, \u2026). Elles r\u00e9pondent aux invitations des communes voisines. Le rythme est soutenu. Ainsi le 7 ao\u00fbt 1932, l\u2019Harmonie donne un concert \u00e0 Ermeton dans l\u2019apr\u00e8s-midi, et un autre, \u00e0 Mettet, en soir\u00e9e. Parfois, la destination est plus lointaine, comme Bruxelles, en 1862.<\/p>\n\n\n\n<p><strong><u>Le festival oubli\u00e9<\/u><\/strong><\/p>\n\n\n\n<p>En 1857, pour la f\u00eate de Fosses, le Conseil communal donne, \u00ab&nbsp;<em>un festival auquel seront invit\u00e9es les soci\u00e9t\u00e9s d\u2019harmonie, de fanfares et de chant d\u2019ensemble<\/em>&nbsp;\u00bb. En 1860, \u00ab&nbsp;<em>consid\u00e9rant que <\/em>[la Philharmonique]<em> se compose de membres appartenant principalement \u00e0 la classe ouvri\u00e8re, qu\u2019elle se trouve sans ressources<\/em>&nbsp;\u00bb, la Commune et la province subsidient le Festival. Aujourd\u2019hui oubli\u00e9e, ce Festival devient sans doute annuel, durant quelques d\u00e9cennies. La Commune, la Jeunesse et la Philharmonique sont, tour \u00e0 tour, \u00e0 la man\u0153uvre. C\u2019est l\u00e0 un des moyens de politique sociale des lib\u00e9raux du 19<sup>\u00e8me<\/sup> si\u00e8cle&nbsp;: les indigents et classes ouvri\u00e8res ont ainsi acc\u00e8s \u00e0 la culture musicale.<\/p>\n\n\n\n<p><strong><u>Musique&nbsp;: c\u2019est la crise&nbsp;!<\/u><\/strong><\/p>\n\n\n\n<p>Le krach boursier de 1929 se transforme en crise financi\u00e8re puis \u00e9conomique. En Belgique, les faillites se multiplient. Le ch\u00f4mage augmente. Les salaires diminuent.<\/p>\n\n\n\n<p>En 1932, le \u00ab&nbsp;<em>Messager de Fosses<\/em>&nbsp;\u00bb, alors journal catholique conservateur, recommande, si non l\u2019annulation des f\u00eates communales, en tout cas, une limitation des d\u00e9penses, afin de tenir compte des difficult\u00e9s \u00e9conomiques et sociales. A cette fin, le journal \u00e9crit : \u00ab&nbsp;<em>[\u2026] aux f\u00eates communales de Fosses, on nous inonde volontiers de quatre ou cinq concerts qui gr\u00e8vent fortement les budgets. Ne pourrait-on se contenter des deux soci\u00e9t\u00e9s locales qui peuvent satisfaire \u00e0 ces exigences. [\u2026]<\/em>&nbsp;\u00bb.<\/p>\n\n\n\n<p>Les crises ciblent toujours la culture&nbsp;!<\/p>\n","protected":false},"excerpt":{"rendered":"<p>Fosses rayonne par ses musiques\u00a0! Les soci\u00e9t\u00e9s de musique donnent des concerts un peu partout&nbsp;: dans leur local, surtout pour leurs membres \u2013 pour leur banquet annuel ou pour f\u00eater Sainte-C\u00e9cile \u2013 mais aussi sur les diff\u00e9rentes places de la ville, Briqueterie, Quatre-Bras, L\u00e8ge et occasionnellement place du March\u00e9. Elles participent \u00e0 divers cort\u00e8ges, comme [&hellip;]<\/p>\n","protected":false},"author":1,"featured_media":0,"comment_status":"open","ping_status":"open","sticky":false,"template":"","format":"standard","meta":{"footnotes":""},"categories":[20],"tags":[],"_links":{"self":[{"href":"http:\/\/oru.fosses-la-ville.be\/index.php\/wp-json\/wp\/v2\/posts\/199"}],"collection":[{"href":"http:\/\/oru.fosses-la-ville.be\/index.php\/wp-json\/wp\/v2\/posts"}],"about":[{"href":"http:\/\/oru.fosses-la-ville.be\/index.php\/wp-json\/wp\/v2\/types\/post"}],"author":[{"embeddable":true,"href":"http:\/\/oru.fosses-la-ville.be\/index.php\/wp-json\/wp\/v2\/users\/1"}],"replies":[{"embeddable":true,"href":"http:\/\/oru.fosses-la-ville.be\/index.php\/wp-json\/wp\/v2\/comments?post=199"}],"version-history":[{"count":1,"href":"http:\/\/oru.fosses-la-ville.be\/index.php\/wp-json\/wp\/v2\/posts\/199\/revisions"}],"predecessor-version":[{"id":201,"href":"http:\/\/oru.fosses-la-ville.be\/index.php\/wp-json\/wp\/v2\/posts\/199\/revisions\/201"}],"wp:attachment":[{"href":"http:\/\/oru.fosses-la-ville.be\/index.php\/wp-json\/wp\/v2\/media?parent=199"}],"wp:term":[{"taxonomy":"category","embeddable":true,"href":"http:\/\/oru.fosses-la-ville.be\/index.php\/wp-json\/wp\/v2\/categories?post=199"},{"taxonomy":"post_tag","embeddable":true,"href":"http:\/\/oru.fosses-la-ville.be\/index.php\/wp-json\/wp\/v2\/tags?post=199"}],"curies":[{"name":"wp","href":"https:\/\/api.w.org\/{rel}","templated":true}]}}