{"id":220,"date":"2022-02-12T11:02:32","date_gmt":"2022-02-12T10:02:32","guid":{"rendered":"http:\/\/oru.fosses-la-ville.be\/?p=220"},"modified":"2022-02-12T11:08:12","modified_gmt":"2022-02-12T10:08:12","slug":"consultations-et-commission","status":"publish","type":"post","link":"http:\/\/oru.fosses-la-ville.be\/index.php\/2022\/02\/12\/consultations-et-commission\/","title":{"rendered":"Consultations et Commission"},"content":{"rendered":"\n<p><strong><u>Consultations&nbsp;?<\/u><\/strong><\/p>\n\n\n\n<p>Pour l\u2019\u00e9laboration du dossier, en 2014, \u00ab\u00a0<em>plusieurs moyens ont \u00e9t\u00e9 mis en \u0153uvre pour assurer la r\u00e9colte des donn\u00e9es subjectives lors de cette phase de diagnostic. D\u2019une part, une enqu\u00eate par questionnaire aupr\u00e8s des habitants du quartier a livr\u00e9 une perception globale du quartier et, d\u2019autre part, une s\u00e9rie de rencontres, entretiens avec des personnes-ressources ou r\u00e9unions de consultation de la population, a permis d\u2019affiner l\u2019analyse\u00a0\u00bb. \u00ab\u00a0L\u2019outil de consultation qui a permis de recueillir l\u2019avis du plus grand nombre de personnes est l\u2019enqu\u00eate \u00e9crite, qui a obtenu les r\u00e9ponses de 57 personnes. A travers cette m\u00e9thode, le but \u00e9tait de contacter et donc de r\u00e9colter l\u2019avis d\u2019un maximum d\u2019habitants\u00a0\u00bb.<\/em><\/p>\n\n\n\n<p><strong><u>Et notre avis l\u00e0-dedans\u00a0?<\/u><\/strong><\/p>\n\n\n\n<p>Faisant suite aux consultations de 2014, et aux visites de terrain, une commission a \u00e9t\u00e9 cr\u00e9\u00e9e (la C.R.U.). Celle-ci est compos\u00e9e essentiellement de citoyens du centre. Ils donnent un avis au Coll\u00e8ge Communal \u00e0 chaque \u00e9tape importante de l\u2019op\u00e9ration.<\/p>\n\n\n\n<p>Cette commission peut \u00e9galement rendre des avis au Conseil communal et\/ou au Coll\u00e8ge communal sur toutes les questions qu\u2019ils lui soumettent. Ce fut le cas, par exemple, pour le projet priv\u00e9 de la soci\u00e9t\u00e9 HOUYOUX, \u00e0 l\u2019Avenue Albert 1<sup>er<\/sup>.<\/p>\n\n\n\n<p><strong><u>C.R.U&nbsp;?<\/u><\/strong><\/p>\n\n\n\n<p>= Commission de r\u00e9novation urbaine. Compos\u00e9e de&nbsp;:<\/p>\n\n\n\n<ul><li>3 membres du Coll\u00e8ge communal&nbsp;;<\/li><li>2 membres du Conseil communal, issus de la minorit\u00e9<\/li><li>1 repr\u00e9sentant :<ul><li>CPAS&nbsp;;<\/li><\/ul><ul><li>Foyer Namurois&nbsp;;<\/li><\/ul><ul><li>AIS&nbsp;;<\/li><\/ul><ul><li>Centre culturel&nbsp;;<\/li><\/ul><ul><li>Chinels&nbsp;;<\/li><\/ul><ul><li>CQFC&nbsp;;<\/li><\/ul><ul><li>\u00c9coles&nbsp;;<\/li><\/ul><ul><li>Zone de Police&nbsp;;<\/li><\/ul><ul><li>Syndicat d\u2019Initiative&nbsp;;<\/li><\/ul><ul><li>Pour l\u2019int\u00e9gration d \u2018une \u0153uvre d\u2019art&nbsp;;<\/li><\/ul><\/li><li>6 (min.)&nbsp;habitants domicili\u00e9s r\u00e9sidant dans le p\u00e9rim\u00e8tre du centre ou ayant un commerce dans celui-ci. La commission fossoise en compte 11&nbsp;!<\/li><li>Voix consultative : 3 invit\u00e9s volontaires, n\u2019habitant pas dans le p\u00e9rim\u00e8tre.<\/li><li>4 \u00ab&nbsp;administratifs&nbsp;\u00bb (Ville, R\u00e9gion, auteur de projet)<\/li><\/ul>\n\n\n\n<p>La CRU constitue essentiellement un organe de consultation, de coordination, d\u2019animation, de relais avec la population du quartier<\/p>\n","protected":false},"excerpt":{"rendered":"<p>Consultations&nbsp;? Pour l\u2019\u00e9laboration du dossier, en 2014, \u00ab\u00a0plusieurs moyens ont \u00e9t\u00e9 mis en \u0153uvre pour assurer la r\u00e9colte des donn\u00e9es subjectives lors de cette phase de diagnostic. D\u2019une part, une enqu\u00eate par questionnaire aupr\u00e8s des habitants du quartier a livr\u00e9 une perception globale du quartier et, d\u2019autre part, une s\u00e9rie de rencontres, entretiens avec des [&hellip;]<\/p>\n","protected":false},"author":1,"featured_media":0,"comment_status":"open","ping_status":"open","sticky":false,"template":"","format":"standard","meta":{"footnotes":""},"categories":[21],"tags":[],"_links":{"self":[{"href":"http:\/\/oru.fosses-la-ville.be\/index.php\/wp-json\/wp\/v2\/posts\/220"}],"collection":[{"href":"http:\/\/oru.fosses-la-ville.be\/index.php\/wp-json\/wp\/v2\/posts"}],"about":[{"href":"http:\/\/oru.fosses-la-ville.be\/index.php\/wp-json\/wp\/v2\/types\/post"}],"author":[{"embeddable":true,"href":"http:\/\/oru.fosses-la-ville.be\/index.php\/wp-json\/wp\/v2\/users\/1"}],"replies":[{"embeddable":true,"href":"http:\/\/oru.fosses-la-ville.be\/index.php\/wp-json\/wp\/v2\/comments?post=220"}],"version-history":[{"count":3,"href":"http:\/\/oru.fosses-la-ville.be\/index.php\/wp-json\/wp\/v2\/posts\/220\/revisions"}],"predecessor-version":[{"id":226,"href":"http:\/\/oru.fosses-la-ville.be\/index.php\/wp-json\/wp\/v2\/posts\/220\/revisions\/226"}],"wp:attachment":[{"href":"http:\/\/oru.fosses-la-ville.be\/index.php\/wp-json\/wp\/v2\/media?parent=220"}],"wp:term":[{"taxonomy":"category","embeddable":true,"href":"http:\/\/oru.fosses-la-ville.be\/index.php\/wp-json\/wp\/v2\/categories?post=220"},{"taxonomy":"post_tag","embeddable":true,"href":"http:\/\/oru.fosses-la-ville.be\/index.php\/wp-json\/wp\/v2\/tags?post=220"}],"curies":[{"name":"wp","href":"https:\/\/api.w.org\/{rel}","templated":true}]}}